{"id":17813,"date":"2023-06-23T09:37:57","date_gmt":"2023-06-23T09:37:57","guid":{"rendered":"https:\/\/welcometokonjic.ba\/2023\/06\/23\/dani-sejfulaha-ef-prohe\/"},"modified":"2023-09-21T12:10:28","modified_gmt":"2023-09-21T12:10:28","slug":"days-of-sejfulah-ef-proho","status":"publish","type":"post","link":"https:\/\/welcometokonjic.ba\/en\/2023\/06\/23\/days-of-sejfulah-ef-proho\/","title":{"rendered":"Days of Sejfulah ef. Proho"},"content":{"rendered":"<div class=\"wpb-content-wrapper\">[vc_row][vc_column][vc_column_text css=&#8221;.vc_custom_1688711931014{margin-bottom: 23px !important;}&#8221;]\n<div class=\"gt3_custom_text \" data-color=\"#ffffff\">\n<p style=\"text-align: justify;\"><span>Sejfulah ef Proho worked in Turkey and Bosnia, and built his personality through promotion of culture, art and spirituality. This event aims to gather as many young people as possible and try to make them aware of positive values.<\/span><\/p>\n<\/div>\n[\/vc_column_text][\/vc_column][\/vc_row][vc_row disable_element=&#8221;yes&#8221;][vc_column width=&#8221;1\/2&#8243;][vc_single_image image=&#8221;11660&#8243; img_size=&#8221;full&#8221; style=&#8221;vc_box_rounded&#8221; css=&#8221;.vc_custom_1508154483781{margin-bottom: 30px !important;}&#8221;][\/vc_column][vc_column width=&#8221;1\/2&#8243;][vc_single_image image=&#8221;11661&#8243; img_size=&#8221;full&#8221; style=&#8221;vc_box_rounded&#8221; css=&#8221;.vc_custom_1508154497588{margin-bottom: 30px !important;}&#8221;][\/vc_column][\/vc_row][vc_row][vc_column][vc_single_image image=&#8221;16364&#8243; img_size=&#8221;full&#8221; style=&#8221;vc_box_rounded&#8221; css=&#8221;.vc_custom_1687514029815{margin-bottom: 25px !important;}&#8221;][\/vc_column][\/vc_row][vc_row][vc_column][vc_column_text css=&#8221;.vc_custom_1688711975614{margin-bottom: 15px !important;}&#8221;]\n<div class=\"wpb_text_column wpb_content_element vc_custom_1685964238152\">\n<div class=\"wpb_wrapper\">\n<div class=\"wpb_text_column wpb_content_element vc_custom_1684751548954\">\n<div class=\"wpb_wrapper\">\n<div class=\"wpb_text_column wpb_content_element vc_custom_1684752956003\">\n<div class=\"wpb_wrapper\">\n<p style=\"text-align: justify;\">This event has cultural and educational character and through this event, we remember the creativity and role of the prominent Bosnian and world intellectual Sejfulah ef. Proho, a man who during his lifetime created in Arabic, Turkish and Bosnian language. He worked in Turkey and Bosnia, and built his personality through promotion of culture, art and spirituality.<\/p>\n<\/div>\n<\/div>\n<\/div>\n<\/div>\n<\/div>\n<\/div>\n[\/vc_column_text][\/vc_column][\/vc_row][vc_row][vc_column][vc_column_text css=&#8221;.vc_custom_1688712022788{margin-bottom: 0px !important;}&#8221;]\n<blockquote class=\"gt3_quote\">\n<div class=\"gt3_quote_content\">This event aims to gather as many young people as possible and try to make them aware of positive values.<\/div>\n<div class=\"gt3_quote_author\">#welcometokonjic<\/div>\n<\/blockquote>\n[\/vc_column_text][\/vc_column][\/vc_row][vc_row disable_element=&#8221;yes&#8221;][vc_column][vc_column_text css=&#8221;.vc_custom_1687245788013{margin-bottom: 15px !important;}&#8221;]\n<p style=\"text-align: justify;\">Planinski turizam na ovom podru\u010dju ima potencijal da bude zastupljen tokom \u010ditave godine, jer se turistima nude mnoge pogodnosti tokom ljetne i zimske sezone poput alpinizma, brdskog biciklizma, logorovanja, sakupljanja ljekovitog bilja, planinarenja i sli\u010dno.\u00a0Kestenove \u0161ume prisutne su na podru\u010djima od 150 do 750 m nadmorske visine, te je ovo podru\u010dje spada me\u0111u 3 najve\u0107a nalazi\u0161ta ovog ploda u Bosni i Hercegovini. U pojedinim dijelovima se \u010dak mogu vidjeti smokva i kesten u isto vrijeme.<\/p>\n<p style=\"text-align: justify;\">Planina Bitovnja je podru\u010dje izrazito bogato borovnicama, smatra se najbogatijim na podru\u010dju cijele Evrope. Borovnice rastu na obroncima Zec planine i ostatku gornjeg dijela doline Neretvice, a predstavljaju za\u0161titni znak ovog podru\u010dja.<\/p>\n[\/vc_column_text][\/vc_column][\/vc_row][vc_row][vc_column][gt3_gallery_packery images=&#8221;16361,16368,16367,16364,16363,16362&#8243; packery_layout=&#8221;pls_3items&#8221;][\/vc_column][\/vc_row]\n<\/div>","protected":false},"excerpt":{"rendered":"<p>Sejfulah ef Proho worked in Turkey and Bosnia, and built his personality through promotion of culture, art and spirituality. This event aims to gather as many young people as possible and try to make them aware of positive values.<\/p>\n","protected":false},"author":1,"featured_media":17225,"comment_status":"closed","ping_status":"closed","sticky":false,"template":"","format":"standard","meta":{"footnotes":""},"categories":[84],"tags":[],"class_list":["post-17813","post","type-post","status-publish","format-standard","has-post-thumbnail","hentry","category-events"],"_links":{"self":[{"href":"https:\/\/welcometokonjic.ba\/en\/wp-json\/wp\/v2\/posts\/17813","targetHints":{"allow":["GET"]}}],"collection":[{"href":"https:\/\/welcometokonjic.ba\/en\/wp-json\/wp\/v2\/posts"}],"about":[{"href":"https:\/\/welcometokonjic.ba\/en\/wp-json\/wp\/v2\/types\/post"}],"author":[{"embeddable":true,"href":"https:\/\/welcometokonjic.ba\/en\/wp-json\/wp\/v2\/users\/1"}],"replies":[{"embeddable":true,"href":"https:\/\/welcometokonjic.ba\/en\/wp-json\/wp\/v2\/comments?post=17813"}],"version-history":[{"count":3,"href":"https:\/\/welcometokonjic.ba\/en\/wp-json\/wp\/v2\/posts\/17813\/revisions"}],"predecessor-version":[{"id":18307,"href":"https:\/\/welcometokonjic.ba\/en\/wp-json\/wp\/v2\/posts\/17813\/revisions\/18307"}],"wp:featuredmedia":[{"embeddable":true,"href":"https:\/\/welcometokonjic.ba\/en\/wp-json\/wp\/v2\/media\/17225"}],"wp:attachment":[{"href":"https:\/\/welcometokonjic.ba\/en\/wp-json\/wp\/v2\/media?parent=17813"}],"wp:term":[{"taxonomy":"category","embeddable":true,"href":"https:\/\/welcometokonjic.ba\/en\/wp-json\/wp\/v2\/categories?post=17813"},{"taxonomy":"post_tag","embeddable":true,"href":"https:\/\/welcometokonjic.ba\/en\/wp-json\/wp\/v2\/tags?post=17813"}],"curies":[{"name":"wp","href":"https:\/\/api.w.org\/{rel}","templated":true}]}}