{"id":17818,"date":"2023-06-23T10:14:27","date_gmt":"2023-06-23T10:14:27","guid":{"rendered":"https:\/\/welcometokonjic.ba\/2023\/06\/23\/festival-glumca\/"},"modified":"2023-07-07T06:44:22","modified_gmt":"2023-07-07T06:44:22","slug":"festival-of-actors","status":"publish","type":"post","link":"https:\/\/welcometokonjic.ba\/en\/2023\/06\/23\/festival-of-actors\/","title":{"rendered":"Festival of Actors"},"content":{"rendered":"<div class=\"wpb-content-wrapper\">[vc_row][vc_column][vc_column_text css=&#8221;.vc_custom_1688712208974{margin-bottom: 23px !important;}&#8221;]\n<div class=\"gt3_custom_text \" data-color=\"#ffffff\">\n<p style=\"text-align: justify;\"><span>For ten years, the National University of Konjic has been the organizer of the Festival of Actors of Bosnia and Herzegovina.<\/span><\/p>\n<\/div>\n[\/vc_column_text][\/vc_column][\/vc_row][vc_row disable_element=&#8221;yes&#8221;][vc_column width=&#8221;1\/2&#8243;][vc_single_image image=&#8221;11660&#8243; img_size=&#8221;full&#8221; style=&#8221;vc_box_rounded&#8221; css=&#8221;.vc_custom_1508154483781{margin-bottom: 30px !important;}&#8221;][\/vc_column][vc_column width=&#8221;1\/2&#8243;][vc_single_image image=&#8221;11661&#8243; img_size=&#8221;full&#8221; style=&#8221;vc_box_rounded&#8221; css=&#8221;.vc_custom_1508154497588{margin-bottom: 30px !important;}&#8221;][\/vc_column][\/vc_row][vc_row][vc_column][vc_single_image image=&#8221;16384&#8243; img_size=&#8221;full&#8221; style=&#8221;vc_box_rounded&#8221; css=&#8221;.vc_custom_1687515247468{margin-bottom: 25px !important;}&#8221;][\/vc_column][\/vc_row][vc_row][vc_column][vc_column_text css=&#8221;.vc_custom_1688712239066{margin-bottom: 15px !important;}&#8221;]\n<div class=\"wpb_text_column wpb_content_element vc_custom_1685964238152\">\n<div class=\"wpb_wrapper\">\n<div class=\"wpb_text_column wpb_content_element vc_custom_1684751548954\">\n<div class=\"wpb_wrapper\">\n<div class=\"wpb_text_column wpb_content_element vc_custom_1684752956003\">\n<div class=\"wpb_wrapper\">\n<p style=\"text-align: justify;\">This Festival is the only one on the map of cultural events in Bosnia and Herzegovina, dedicated to actors and actresses, the most important actors of the dramatic and stage process, and is traditionally held in May and June. The festival hosts ten professional theater productions. The significance of the Festival is reflected in the cross-section of the regional theater scene and the achievements that come to Konjic from neighboring countries: Serbia, Montenegro, Croatia and Northern Macedonia.<\/p>\n<\/div>\n<\/div>\n<\/div>\n<\/div>\n<\/div>\n<\/div>\n[\/vc_column_text][\/vc_column][\/vc_row][vc_row][vc_column][vc_column_text css=&#8221;.vc_custom_1688712258700{margin-bottom: 0px !important;}&#8221;]\n<blockquote class=\"gt3_quote\">\n<div class=\"gt3_quote_content\">The synergy of various partner organizations and institutions has created an environment for Konjic to become a city of theater, which opens its potential to the region.<\/div>\n<div class=\"gt3_quote_author\">#welcometokonjic<\/div>\n<\/blockquote>\n[\/vc_column_text][\/vc_column][\/vc_row][vc_row disable_element=&#8221;yes&#8221;][vc_column][vc_column_text css=&#8221;.vc_custom_1687245788013{margin-bottom: 15px !important;}&#8221;]\n<p style=\"text-align: justify;\">Planinski turizam na ovom podru\u010dju ima potencijal da bude zastupljen tokom \u010ditave godine, jer se turistima nude mnoge pogodnosti tokom ljetne i zimske sezone poput alpinizma, brdskog biciklizma, logorovanja, sakupljanja ljekovitog bilja, planinarenja i sli\u010dno.\u00a0Kestenove \u0161ume prisutne su na podru\u010djima od 150 do 750 m nadmorske visine, te je ovo podru\u010dje spada me\u0111u 3 najve\u0107a nalazi\u0161ta ovog ploda u Bosni i Hercegovini. U pojedinim dijelovima se \u010dak mogu vidjeti smokva i kesten u isto vrijeme.<\/p>\n<p style=\"text-align: justify;\">Planina Bitovnja je podru\u010dje izrazito bogato borovnicama, smatra se najbogatijim na podru\u010dju cijele Evrope. Borovnice rastu na obroncima Zec planine i ostatku gornjeg dijela doline Neretvice, a predstavljaju za\u0161titni znak ovog podru\u010dja.<\/p>\n[\/vc_column_text][\/vc_column][\/vc_row][vc_row][vc_column][gt3_gallery_packery images=&#8221;16382,16389,16388,16387,16386,16385,16384,16383&#8243; packery_layout=&#8221;pls_3items&#8221;][\/vc_column][\/vc_row]\n<\/div>","protected":false},"excerpt":{"rendered":"<p>For ten years, the National University of Konjic has been the organizer of the Festival of Actors of Bosnia and Herzegovina.<\/p>\n","protected":false},"author":1,"featured_media":17236,"comment_status":"closed","ping_status":"closed","sticky":false,"template":"","format":"standard","meta":{"footnotes":""},"categories":[84],"tags":[],"class_list":["post-17818","post","type-post","status-publish","format-standard","has-post-thumbnail","hentry","category-events"],"_links":{"self":[{"href":"https:\/\/welcometokonjic.ba\/en\/wp-json\/wp\/v2\/posts\/17818","targetHints":{"allow":["GET"]}}],"collection":[{"href":"https:\/\/welcometokonjic.ba\/en\/wp-json\/wp\/v2\/posts"}],"about":[{"href":"https:\/\/welcometokonjic.ba\/en\/wp-json\/wp\/v2\/types\/post"}],"author":[{"embeddable":true,"href":"https:\/\/welcometokonjic.ba\/en\/wp-json\/wp\/v2\/users\/1"}],"replies":[{"embeddable":true,"href":"https:\/\/welcometokonjic.ba\/en\/wp-json\/wp\/v2\/comments?post=17818"}],"version-history":[{"count":2,"href":"https:\/\/welcometokonjic.ba\/en\/wp-json\/wp\/v2\/posts\/17818\/revisions"}],"predecessor-version":[{"id":17820,"href":"https:\/\/welcometokonjic.ba\/en\/wp-json\/wp\/v2\/posts\/17818\/revisions\/17820"}],"wp:featuredmedia":[{"embeddable":true,"href":"https:\/\/welcometokonjic.ba\/en\/wp-json\/wp\/v2\/media\/17236"}],"wp:attachment":[{"href":"https:\/\/welcometokonjic.ba\/en\/wp-json\/wp\/v2\/media?parent=17818"}],"wp:term":[{"taxonomy":"category","embeddable":true,"href":"https:\/\/welcometokonjic.ba\/en\/wp-json\/wp\/v2\/categories?post=17818"},{"taxonomy":"post_tag","embeddable":true,"href":"https:\/\/welcometokonjic.ba\/en\/wp-json\/wp\/v2\/tags?post=17818"}],"curies":[{"name":"wp","href":"https:\/\/api.w.org\/{rel}","templated":true}]}}