{"id":18377,"date":"2023-09-25T11:02:50","date_gmt":"2023-09-25T11:02:50","guid":{"rendered":"https:\/\/welcometokonjic.ba\/2023\/09\/25\/konjic-obojen-izvidjackim-bojama\/"},"modified":"2023-10-05T07:07:39","modified_gmt":"2023-10-05T07:07:39","slug":"konjic-painted-in-scout-colors","status":"publish","type":"post","link":"https:\/\/welcometokonjic.ba\/en\/2023\/09\/25\/konjic-painted-in-scout-colors\/","title":{"rendered":"Konjic Scouts Troops Parade"},"content":{"rendered":"<div class=\"wpb-content-wrapper\">[vc_row][vc_column][vc_column_text css=&#8221;.vc_custom_1695640065619{margin-bottom: 23px !important;}&#8221;]\n<div class=\"gt3_custom_text \" data-color=\"#ffffff\">\n<p style=\"text-align: justify;\">Konjic Scouts troops parade is organized and hosted by the &#8220;Neretva&#8221; Scouts troop. Konjic Scouts troops parade is held as part of the manifestation Days of Konjic City, and 52 teams from all over Bosnia and Herzegovina and the region participate.<\/p>\n<\/div>\n[\/vc_column_text][\/vc_column][\/vc_row][vc_row disable_element=&#8221;yes&#8221;][vc_column width=&#8221;1\/2&#8243;][vc_single_image image=&#8221;11660&#8243; img_size=&#8221;full&#8221; style=&#8221;vc_box_rounded&#8221; css=&#8221;.vc_custom_1508154483781{margin-bottom: 30px !important;}&#8221;][\/vc_column][vc_column width=&#8221;1\/2&#8243;][vc_single_image image=&#8221;11661&#8243; img_size=&#8221;full&#8221; style=&#8221;vc_box_rounded&#8221; css=&#8221;.vc_custom_1508154497588{margin-bottom: 30px !important;}&#8221;][\/vc_column][\/vc_row][vc_row][vc_column][vc_single_image image=&#8221;18365&#8243; img_size=&#8221;full&#8221; style=&#8221;vc_box_rounded&#8221; css=&#8221;.vc_custom_1695639698322{margin-bottom: 25px !important;}&#8221;][vc_column_text]\n<h3 id=\"tw-target-text\" class=\"tw-data-text tw-text-large tw-ta\" dir=\"ltr\" data-placeholder=\"Translation\"><span class=\"Y2IQFc\" lang=\"en\">Konjic painted in scout colors<\/span><\/h3>\n[\/vc_column_text][\/vc_column][\/vc_row][vc_row][vc_column][vc_column_text css=&#8221;.vc_custom_1695640104794{margin-bottom: 15px !important;}&#8221;]\n<div class=\"wpb_text_column wpb_content_element vc_custom_1685964238152\">\n<div class=\"wpb_wrapper\">\n<div class=\"wpb_text_column wpb_content_element vc_custom_1684751548954\">\n<div class=\"wpb_wrapper\">\n<div class=\"wpb_text_column wpb_content_element vc_custom_1684752956003\">\n<div class=\"wpb_wrapper\">\n<p>As part of the parade, a competition is organized for scouts of ages 6 to 12, as well as the gathering of scoutmasters through getting to know and exploring the natural and cultural potentials of Konjic.<br \/>\nThrough the Konjic Scouts troops parade, it is highlighted that the scouts of Konjic with their awards and successes are one of the best ambassadors of Konjic for decades, who along with all scouting values nurture unity and love for nature.<\/p>\n<p>Traditionally, at the opening of the Scouts troops parade, the head of Konjic Scouts, the head of the competition and later, the representative of the Scout Association of FbiH address the participants with greetings while the mayor ceremoniously opens the competition.<\/p>\n<\/div>\n<\/div>\n<\/div>\n<\/div>\n<\/div>\n<\/div>\n[\/vc_column_text][\/vc_column][\/vc_row][vc_row][vc_column][vc_single_image image=&#8221;18370&#8243; img_size=&#8221;full&#8221;][vc_column_text css=&#8221;.vc_custom_1695640119139{margin-bottom: 0px !important;}&#8221;]\n<blockquote class=\"gt3_quote\">\n<div class=\"gt3_quote_content\">All-day competitions in topographical and other scouting disciplines are organized, followed by the announcement of the winner and the continuation of hanging out.<\/div>\n<div class=\"gt3_quote_author\">#welcometokonjic<\/div>\n<\/blockquote>\n[\/vc_column_text][\/vc_column][\/vc_row][vc_row disable_element=&#8221;yes&#8221;][vc_column][vc_single_image image=&#8221;18334&#8243; img_size=&#8221;full&#8221; style=&#8221;vc_box_rounded&#8221; css=&#8221;.vc_custom_1695638983559{margin-bottom: 25px !important;}&#8221;][\/vc_column][\/vc_row][vc_row disable_element=&#8221;yes&#8221;][vc_column][vc_column_text css=&#8221;.vc_custom_1695639012868{margin-bottom: 15px !important;}&#8221;]\n<div class=\"wpb_text_column wpb_content_element vc_custom_1685964238152\">\n<div class=\"wpb_wrapper\">\n<div class=\"wpb_text_column wpb_content_element vc_custom_1684751548954\">\n<div class=\"wpb_wrapper\">\n<div class=\"wpb_text_column wpb_content_element vc_custom_1684752956003\">\n<div class=\"wpb_wrapper\">\n<p style=\"text-align: justify;\">Projekat \u201eWelcome to Konjic\u201c se realizuje u sklopu projekta Covid &#8211; 19 Investment Response\/ EU4Business Recovery kojeg finansiraju Evropska unija, Njema\u010dka vlada, a implementira GIZ. EU4BusinessRecovery je vrijedan 13,7 miliona eura, a zajedni\u010dki ga finansiraju Evropska unija (13 miliona eura) i Savezna Republika Njema\u010dka (700 hiljada eura). Implementiraju ga GIZ, ILO i UNDP, od januara 2021. do juna 2023.<\/p>\n<\/div>\n<\/div>\n<\/div>\n<\/div>\n<\/div>\n<\/div>\n[\/vc_column_text][\/vc_column][\/vc_row][vc_row disable_element=&#8221;yes&#8221;][vc_column][vc_column_text css=&#8221;.vc_custom_1687245788013{margin-bottom: 15px !important;}&#8221;]\n<p style=\"text-align: justify;\">Planinski turizam na ovom podru\u010dju ima potencijal da bude zastupljen tokom \u010ditave godine, jer se turistima nude mnoge pogodnosti tokom ljetne i zimske sezone poput alpinizma, brdskog biciklizma, logorovanja, sakupljanja ljekovitog bilja, planinarenja i sli\u010dno.\u00a0Kestenove \u0161ume prisutne su na podru\u010djima od 150 do 750 m nadmorske visine, te je ovo podru\u010dje spada me\u0111u 3 najve\u0107a nalazi\u0161ta ovog ploda u Bosni i Hercegovini. U pojedinim dijelovima se \u010dak mogu vidjeti smokva i kesten u isto vrijeme.<\/p>\n<p style=\"text-align: justify;\">Planina Bitovnja je podru\u010dje izrazito bogato borovnicama, smatra se najbogatijim na podru\u010dju cijele Evrope. Borovnice rastu na obroncima Zec planine i ostatku gornjeg dijela doline Neretvice, a predstavljaju za\u0161titni znak ovog podru\u010dja.<\/p>\n[\/vc_column_text][\/vc_column][\/vc_row][vc_row][vc_column][gt3_gallery_packery images=&#8221;18361,18363,18367,18369,18371,18373,18516,18511&#8243; packery_layout=&#8221;pls_3items&#8221;][\/vc_column][\/vc_row]\n<\/div>","protected":false},"excerpt":{"rendered":"<p>Konjic Scouts troops parade is organized and hosted by the &#8220;Neretva&#8221; Scouts troop.  Konjic Scouts troops parade is held as part of the manifestation Days of Konjic City.<\/p>\n","protected":false},"author":1,"featured_media":18511,"comment_status":"closed","ping_status":"closed","sticky":false,"template":"","format":"standard","meta":{"footnotes":""},"categories":[84],"tags":[],"class_list":["post-18377","post","type-post","status-publish","format-standard","has-post-thumbnail","hentry","category-events"],"_links":{"self":[{"href":"https:\/\/welcometokonjic.ba\/en\/wp-json\/wp\/v2\/posts\/18377","targetHints":{"allow":["GET"]}}],"collection":[{"href":"https:\/\/welcometokonjic.ba\/en\/wp-json\/wp\/v2\/posts"}],"about":[{"href":"https:\/\/welcometokonjic.ba\/en\/wp-json\/wp\/v2\/types\/post"}],"author":[{"embeddable":true,"href":"https:\/\/welcometokonjic.ba\/en\/wp-json\/wp\/v2\/users\/1"}],"replies":[{"embeddable":true,"href":"https:\/\/welcometokonjic.ba\/en\/wp-json\/wp\/v2\/comments?post=18377"}],"version-history":[{"count":5,"href":"https:\/\/welcometokonjic.ba\/en\/wp-json\/wp\/v2\/posts\/18377\/revisions"}],"predecessor-version":[{"id":18621,"href":"https:\/\/welcometokonjic.ba\/en\/wp-json\/wp\/v2\/posts\/18377\/revisions\/18621"}],"wp:featuredmedia":[{"embeddable":true,"href":"https:\/\/welcometokonjic.ba\/en\/wp-json\/wp\/v2\/media\/18511"}],"wp:attachment":[{"href":"https:\/\/welcometokonjic.ba\/en\/wp-json\/wp\/v2\/media?parent=18377"}],"wp:term":[{"taxonomy":"category","embeddable":true,"href":"https:\/\/welcometokonjic.ba\/en\/wp-json\/wp\/v2\/categories?post=18377"},{"taxonomy":"post_tag","embeddable":true,"href":"https:\/\/welcometokonjic.ba\/en\/wp-json\/wp\/v2\/tags?post=18377"}],"curies":[{"name":"wp","href":"https:\/\/api.w.org\/{rel}","templated":true}]}}